{"id":3345,"date":"2018-06-12T10:16:26","date_gmt":"2018-06-12T10:16:26","guid":{"rendered":"https:\/\/auxdefense.pt\/?p=3345"},"modified":"2018-06-12T10:50:00","modified_gmt":"2018-06-12T10:50:00","slug":"marcelo-rebelo-de-sousa-testa-equipamentos-auxdefense","status":"publish","type":"post","link":"https:\/\/auxdefense.pt\/pt_PT\/2018\/06\/12\/marcelo-rebelo-de-sousa-testa-equipamentos-auxdefense\/","title":{"rendered":"Marcelo Rebelo de Sousa testa equipamentos AuxDefense"},"content":{"rendered":"<p>O Arquip\u00e9lago dos A\u00e7ores e os Estados Unidos foram os locais escolhidos pelo Presidente da Rep\u00fablica, Marcelo Rebelo de Sousa, para as comemora\u00e7\u00f5es deste ano do Dia de Portugal, de Cam\u00f5es e das Comunidades Portuguesas.<\/p>\n<p>Em Ponta Delgada, o cons\u00f3rcio <strong>AuxDefense<\/strong> foi uma das entidades presentes na exposi\u00e7\u00e3o \u201cFardamento e Sistemas de Carga Ex\u00e9rcito Portugu\u00eas\u201d que contou com a visita do <strong>Presidente da Rep\u00fablica<\/strong>, do <strong>Ministro da Defesa Nacional<\/strong>, Azeredo Lopes, e <strong>Chefe do Estado-Maior do Ex\u00e9rcito<\/strong>, General Rovisco Duarte.<\/p>\n<p>Em destaque estiveram os equipamentos de prote\u00e7\u00e3o militar (capacete e coletes bal\u00edsticos, joelheiras e cotoveleiras) desenvolvidos pela AuxDefense, num cons\u00f3rcio que associa a <strong>Universidade do Minho<\/strong> atrav\u00e9s da Plataforma Internacional <strong>Fibrenamics<\/strong>, o <strong>Ex\u00e9rcito Portugu\u00eas<\/strong> e a <strong>For\u00e7a A\u00e9rea Portuguesa<\/strong> a cinco empresas portuguesas da regi\u00e3o norte: <strong>Fibrauto<\/strong>, <strong>IDT Consulting<\/strong>, <strong>Latino Group<\/strong>, <strong>LMA<\/strong> e <strong>Sciencentris<\/strong>.<\/p>\n<p>A demonstra\u00e7\u00e3o feita pelo Professor Raul Fangueiro, coordenador da Plataforma Fibrenamics, suscitou enorme interesse e o Presidente Marcelo Rebelo de Sousa aproveitou mesmo para testar os equipamentos presentes.<\/p>\n<div id='gallery-1' class='gallery galleryid-3345 gallery-columns-1 gallery-size-large'><figure class='gallery-item'>\n\t\t\t<div class='gallery-icon landscape'>\n\t\t\t\t<a href='https:\/\/auxdefense.pt\/wp-content\/uploads\/LCH_8908.jpg'><img loading=\"lazy\" decoding=\"async\" width=\"790\" height=\"527\" src=\"https:\/\/auxdefense.pt\/wp-content\/uploads\/LCH_8908-1024x683.jpg\" class=\"attachment-large size-large\" alt=\"Img - Presidente da Rep\u00fablica testa equipamentos AuxDefense\" srcset=\"https:\/\/auxdefense.pt\/wp-content\/uploads\/LCH_8908-1024x683.jpg 1024w, https:\/\/auxdefense.pt\/wp-content\/uploads\/LCH_8908-300x200.jpg 300w, https:\/\/auxdefense.pt\/wp-content\/uploads\/LCH_8908-768x512.jpg 768w\" sizes=\"auto, (max-width: 790px) 100vw, 790px\" \/><\/a>\n\t\t\t<\/div><\/figure><figure class='gallery-item'>\n\t\t\t<div class='gallery-icon landscape'>\n\t\t\t\t<a href='https:\/\/auxdefense.pt\/wp-content\/uploads\/LCH_8913.jpg'><img loading=\"lazy\" decoding=\"async\" width=\"790\" height=\"527\" src=\"https:\/\/auxdefense.pt\/wp-content\/uploads\/LCH_8913-1024x683.jpg\" class=\"attachment-large size-large\" alt=\"\" srcset=\"https:\/\/auxdefense.pt\/wp-content\/uploads\/LCH_8913-1024x683.jpg 1024w, https:\/\/auxdefense.pt\/wp-content\/uploads\/LCH_8913-300x200.jpg 300w, https:\/\/auxdefense.pt\/wp-content\/uploads\/LCH_8913-768x512.jpg 768w\" sizes=\"auto, (max-width: 790px) 100vw, 790px\" \/><\/a>\n\t\t\t<\/div><\/figure><figure class='gallery-item'>\n\t\t\t<div class='gallery-icon landscape'>\n\t\t\t\t<a href='https:\/\/auxdefense.pt\/wp-content\/uploads\/LCH_8882.jpg'><img loading=\"lazy\" decoding=\"async\" width=\"790\" height=\"527\" src=\"https:\/\/auxdefense.pt\/wp-content\/uploads\/LCH_8882-1024x683.jpg\" class=\"attachment-large size-large\" alt=\"\" srcset=\"https:\/\/auxdefense.pt\/wp-content\/uploads\/LCH_8882-1024x683.jpg 1024w, https:\/\/auxdefense.pt\/wp-content\/uploads\/LCH_8882-300x200.jpg 300w, https:\/\/auxdefense.pt\/wp-content\/uploads\/LCH_8882-768x512.jpg 768w\" sizes=\"auto, (max-width: 790px) 100vw, 790px\" \/><\/a>\n\t\t\t<\/div><\/figure><figure class='gallery-item'>\n\t\t\t<div class='gallery-icon landscape'>\n\t\t\t\t<a href='https:\/\/auxdefense.pt\/wp-content\/uploads\/LCH_8899.jpg'><img loading=\"lazy\" decoding=\"async\" width=\"790\" height=\"527\" src=\"https:\/\/auxdefense.pt\/wp-content\/uploads\/LCH_8899-1024x683.jpg\" class=\"attachment-large size-large\" alt=\"\" srcset=\"https:\/\/auxdefense.pt\/wp-content\/uploads\/LCH_8899-1024x683.jpg 1024w, https:\/\/auxdefense.pt\/wp-content\/uploads\/LCH_8899-300x200.jpg 300w, https:\/\/auxdefense.pt\/wp-content\/uploads\/LCH_8899-768x512.jpg 768w\" sizes=\"auto, (max-width: 790px) 100vw, 790px\" \/><\/a>\n\t\t\t<\/div><\/figure><figure class='gallery-item'>\n\t\t\t<div class='gallery-icon landscape'>\n\t\t\t\t<a href='https:\/\/auxdefense.pt\/wp-content\/uploads\/LCH_8901.jpg'><img loading=\"lazy\" decoding=\"async\" width=\"790\" height=\"527\" src=\"https:\/\/auxdefense.pt\/wp-content\/uploads\/LCH_8901-1024x683.jpg\" class=\"attachment-large size-large\" alt=\"\" srcset=\"https:\/\/auxdefense.pt\/wp-content\/uploads\/LCH_8901-1024x683.jpg 1024w, https:\/\/auxdefense.pt\/wp-content\/uploads\/LCH_8901-300x200.jpg 300w, https:\/\/auxdefense.pt\/wp-content\/uploads\/LCH_8901-768x512.jpg 768w\" sizes=\"auto, (max-width: 790px) 100vw, 790px\" \/><\/a>\n\t\t\t<\/div><\/figure>\n\t\t<\/div>\n\n","protected":false},"excerpt":{"rendered":"<p>O Arquip\u00e9lago dos A\u00e7ores e os Estados Unidos foram os locais escolhidos pelo Presidente da Rep\u00fablica, Marcelo Rebelo de Sousa, para as comemora\u00e7\u00f5es deste ano do Dia de Portugal, de Cam\u00f5es e das Comunidades Portuguesas. Em Ponta Delgada, o cons\u00f3rcio AuxDefense foi uma das entidades presentes na exposi\u00e7\u00e3o \u201cFardamento e&#8230;<\/p>\n","protected":false},"author":5,"featured_media":3349,"comment_status":"open","ping_status":"open","sticky":false,"template":"","format":"standard","meta":{"footnotes":""},"categories":[1],"tags":[],"class_list":["post-3345","post","type-post","status-publish","format-standard","has-post-thumbnail","hentry","category-uncategorized"],"_links":{"self":[{"href":"https:\/\/auxdefense.pt\/pt_PT\/wp-json\/wp\/v2\/posts\/3345","targetHints":{"allow":["GET"]}}],"collection":[{"href":"https:\/\/auxdefense.pt\/pt_PT\/wp-json\/wp\/v2\/posts"}],"about":[{"href":"https:\/\/auxdefense.pt\/pt_PT\/wp-json\/wp\/v2\/types\/post"}],"author":[{"embeddable":true,"href":"https:\/\/auxdefense.pt\/pt_PT\/wp-json\/wp\/v2\/users\/5"}],"replies":[{"embeddable":true,"href":"https:\/\/auxdefense.pt\/pt_PT\/wp-json\/wp\/v2\/comments?post=3345"}],"version-history":[{"count":12,"href":"https:\/\/auxdefense.pt\/pt_PT\/wp-json\/wp\/v2\/posts\/3345\/revisions"}],"predecessor-version":[{"id":3362,"href":"https:\/\/auxdefense.pt\/pt_PT\/wp-json\/wp\/v2\/posts\/3345\/revisions\/3362"}],"wp:featuredmedia":[{"embeddable":true,"href":"https:\/\/auxdefense.pt\/pt_PT\/wp-json\/wp\/v2\/media\/3349"}],"wp:attachment":[{"href":"https:\/\/auxdefense.pt\/pt_PT\/wp-json\/wp\/v2\/media?parent=3345"}],"wp:term":[{"taxonomy":"category","embeddable":true,"href":"https:\/\/auxdefense.pt\/pt_PT\/wp-json\/wp\/v2\/categories?post=3345"},{"taxonomy":"post_tag","embeddable":true,"href":"https:\/\/auxdefense.pt\/pt_PT\/wp-json\/wp\/v2\/tags?post=3345"}],"curies":[{"name":"wp","href":"https:\/\/api.w.org\/{rel}","templated":true}]}}