{"id":3374,"date":"2018-10-24T10:33:39","date_gmt":"2018-10-24T10:33:39","guid":{"rendered":"https:\/\/auxdefense.pt\/?p=3374"},"modified":"2018-10-26T09:37:46","modified_gmt":"2018-10-26T09:37:46","slug":"produtos-auxdefense-conquistam-selo-army-tested","status":"publish","type":"post","link":"https:\/\/auxdefense.pt\/pt_PT\/2018\/10\/24\/produtos-auxdefense-conquistam-selo-army-tested\/","title":{"rendered":"Produtos AuxDefense conquistam selo \u201cArmy Tested\u201d"},"content":{"rendered":"<p style=\"text-align: justify;\"><strong>A Secret\u00e1ria de Estado da Defesa Nacional, Ana Santos Pinto e o Chefe de Estado-Maior do Ex\u00e9rcito, General Nunes da Fonseca, tiveram a oportunidade de conhecer em m\u00e3o os produtos desenvolvidos pelo cons\u00f3rcio Auxdefense no evento \u201cEx\u00e9rcito \u2013 Parceiro Tecnol\u00f3gico\u201d, no passado dia 20 de outubro no Pa\u00e7o dos Duques, em Guimar\u00e3es.<\/strong><\/p>\n<p style=\"text-align: justify;\">O evento, que serviu de arranque \u00e0s comemora\u00e7\u00f5es do Dia do Ex\u00e9rcito, contou com a apresenta\u00e7\u00e3o e demonstra\u00e7\u00e3o dos v\u00e1rios projetos de \u00e2mbito tecnol\u00f3gico que as For\u00e7as Armadas t\u00eam em curso, como \u00e9 o caso do Auxdefense, e que para Ana Santos Pinto \u201cs\u00e3o concretiza\u00e7\u00f5es de que todos n\u00f3s nos devemos orgulhar e que devem servir de exemplo para aquilo que \u00e9 o potencial de desenvolvimento das For\u00e7as Armadas e do Ex\u00e9rcito, mas tamb\u00e9m aquilo que \u00e9 o potencial de exporta\u00e7\u00e3o, atrav\u00e9s dos cons\u00f3rcios.<\/p>\n<p style=\"text-align: justify;\">O evento incluiu a atribui\u00e7\u00e3o do selo de qualidade \u201cArmy Tested\u201d aos produtos AuxDefense (capacete e colete bal\u00edsticos, joelheiras e cotoveleiras). Um modelo de certifica\u00e7\u00e3o da responsabilidade do Estado-Maior do Ex\u00e9rcito que certifica produtos aprovados nos mais rigorosos testes de resist\u00eancia e usabilidade, ao unir o que h\u00e1 de mais avan\u00e7ado em n\u00edveis de materiais para gerar conforto e durabilidade que excedam amplamente os padr\u00f5es regulares.<\/p>\n<p style=\"text-align: justify;\">A exposi\u00e7\u00e3o dos produtos AuxDefense pode ser vista pelo p\u00fablico no Pa\u00e7o dos Duques at\u00e9 dia 28 de outubro, altura em que ser\u00e3o encerradas as comemora\u00e7\u00f5es do Dia do Ex\u00e9rcito em Guimar\u00e3es.<\/p>\n","protected":false},"excerpt":{"rendered":"<p>A Secret\u00e1ria de Estado da Defesa Nacional, Ana Santos Pinto e o Chefe de Estado-Maior do Ex\u00e9rcito, General Nunes da Fonseca, tiveram a oportunidade de conhecer em m\u00e3o os produtos desenvolvidos pelo cons\u00f3rcio Auxdefense no evento \u201cEx\u00e9rcito \u2013 Parceiro Tecnol\u00f3gico\u201d, no passado dia 20 de outubro no Pa\u00e7o dos Duques,&#8230;<\/p>\n","protected":false},"author":5,"featured_media":3375,"comment_status":"open","ping_status":"open","sticky":false,"template":"","format":"standard","meta":{"footnotes":""},"categories":[1],"tags":[],"class_list":["post-3374","post","type-post","status-publish","format-standard","has-post-thumbnail","hentry","category-uncategorized"],"_links":{"self":[{"href":"https:\/\/auxdefense.pt\/pt_PT\/wp-json\/wp\/v2\/posts\/3374","targetHints":{"allow":["GET"]}}],"collection":[{"href":"https:\/\/auxdefense.pt\/pt_PT\/wp-json\/wp\/v2\/posts"}],"about":[{"href":"https:\/\/auxdefense.pt\/pt_PT\/wp-json\/wp\/v2\/types\/post"}],"author":[{"embeddable":true,"href":"https:\/\/auxdefense.pt\/pt_PT\/wp-json\/wp\/v2\/users\/5"}],"replies":[{"embeddable":true,"href":"https:\/\/auxdefense.pt\/pt_PT\/wp-json\/wp\/v2\/comments?post=3374"}],"version-history":[{"count":2,"href":"https:\/\/auxdefense.pt\/pt_PT\/wp-json\/wp\/v2\/posts\/3374\/revisions"}],"predecessor-version":[{"id":3379,"href":"https:\/\/auxdefense.pt\/pt_PT\/wp-json\/wp\/v2\/posts\/3374\/revisions\/3379"}],"wp:featuredmedia":[{"embeddable":true,"href":"https:\/\/auxdefense.pt\/pt_PT\/wp-json\/wp\/v2\/media\/3375"}],"wp:attachment":[{"href":"https:\/\/auxdefense.pt\/pt_PT\/wp-json\/wp\/v2\/media?parent=3374"}],"wp:term":[{"taxonomy":"category","embeddable":true,"href":"https:\/\/auxdefense.pt\/pt_PT\/wp-json\/wp\/v2\/categories?post=3374"},{"taxonomy":"post_tag","embeddable":true,"href":"https:\/\/auxdefense.pt\/pt_PT\/wp-json\/wp\/v2\/tags?post=3374"}],"curies":[{"name":"wp","href":"https:\/\/api.w.org\/{rel}","templated":true}]}}