{"id":3385,"date":"2018-11-27T09:54:39","date_gmt":"2018-11-27T09:54:39","guid":{"rendered":"https:\/\/auxdefense.pt\/?p=3385"},"modified":"2019-01-09T16:56:46","modified_gmt":"2019-01-09T16:56:46","slug":"auxdefense-presente-nas-comemoracoes-do-terceiro-ano-de-mandato-do-governo","status":"publish","type":"post","link":"https:\/\/auxdefense.pt\/pt_PT\/2018\/11\/27\/auxdefense-presente-nas-comemoracoes-do-terceiro-ano-de-mandato-do-governo\/","title":{"rendered":"AuxDefense presente nas comemora\u00e7\u00f5es do terceiro ano de mandato do Governo"},"content":{"rendered":"<p style=\"text-align: justify;\">Braga e Porto foram as duas cidades escolhidas para assinalar a data da tomada de posse do Governo chefiado por Ant\u00f3nio Costa.<\/p>\n<p style=\"text-align: justify;\">Ontem, em Braga, a Reitoria da Universidade do Minho foi o palco de um debate com cidad\u00e3os e membros da comunidade acad\u00e9mica, e o Campus de Gualtar da Universidade o espa\u00e7o eleito para a exposi\u00e7\u00e3o dos projetos e parcerias do Minist\u00e9rio da Defesa Nacional.<\/p>\n<p style=\"text-align: justify;\">O Cons\u00f3rcio Auxdefense foi um dos convidados presentes na exposi\u00e7\u00e3o tendo a oportunidade de demonstrar os produtos de prote\u00e7\u00e3o bal\u00edstica desenvolvidos ao Primeiro Ministro e Ministro da Defesa Nacional, Jo\u00e3o Gomes Cravinho.<\/p>\n<p style=\"text-align: justify;\">Para Ant\u00f3nio Costa este \u00e9 um exemplo da \u201cpromo\u00e7\u00e3o da inova\u00e7\u00e3o e produtividade das empresas como um dos motores de desenvolvimento do pa\u00eds\u201d que tem sido e continuar\u00e1 a ser uma aposta no futuro.<\/p>\n","protected":false},"excerpt":{"rendered":"<p>Braga e Porto foram as duas cidades escolhidas para assinalar a data da tomada de posse do Governo chefiado por Ant\u00f3nio Costa. Ontem, em Braga, a Reitoria da Universidade do Minho foi o palco de um debate com cidad\u00e3os e membros da comunidade acad\u00e9mica, e o Campus de Gualtar da&#8230;<\/p>\n","protected":false},"author":5,"featured_media":3383,"comment_status":"open","ping_status":"open","sticky":false,"template":"","format":"standard","meta":{"footnotes":""},"categories":[1],"tags":[],"class_list":["post-3385","post","type-post","status-publish","format-standard","has-post-thumbnail","hentry","category-uncategorized"],"_links":{"self":[{"href":"https:\/\/auxdefense.pt\/pt_PT\/wp-json\/wp\/v2\/posts\/3385","targetHints":{"allow":["GET"]}}],"collection":[{"href":"https:\/\/auxdefense.pt\/pt_PT\/wp-json\/wp\/v2\/posts"}],"about":[{"href":"https:\/\/auxdefense.pt\/pt_PT\/wp-json\/wp\/v2\/types\/post"}],"author":[{"embeddable":true,"href":"https:\/\/auxdefense.pt\/pt_PT\/wp-json\/wp\/v2\/users\/5"}],"replies":[{"embeddable":true,"href":"https:\/\/auxdefense.pt\/pt_PT\/wp-json\/wp\/v2\/comments?post=3385"}],"version-history":[{"count":1,"href":"https:\/\/auxdefense.pt\/pt_PT\/wp-json\/wp\/v2\/posts\/3385\/revisions"}],"predecessor-version":[{"id":3386,"href":"https:\/\/auxdefense.pt\/pt_PT\/wp-json\/wp\/v2\/posts\/3385\/revisions\/3386"}],"wp:featuredmedia":[{"embeddable":true,"href":"https:\/\/auxdefense.pt\/pt_PT\/wp-json\/wp\/v2\/media\/3383"}],"wp:attachment":[{"href":"https:\/\/auxdefense.pt\/pt_PT\/wp-json\/wp\/v2\/media?parent=3385"}],"wp:term":[{"taxonomy":"category","embeddable":true,"href":"https:\/\/auxdefense.pt\/pt_PT\/wp-json\/wp\/v2\/categories?post=3385"},{"taxonomy":"post_tag","embeddable":true,"href":"https:\/\/auxdefense.pt\/pt_PT\/wp-json\/wp\/v2\/tags?post=3385"}],"curies":[{"name":"wp","href":"https:\/\/api.w.org\/{rel}","templated":true}]}}