{"id":3456,"date":"2020-05-25T15:37:10","date_gmt":"2020-05-25T15:37:10","guid":{"rendered":"https:\/\/auxdefense.pt\/?p=3456"},"modified":"2020-07-16T15:39:03","modified_gmt":"2020-07-16T15:39:03","slug":"auxdefense2020-conferencia-mundial-avanca-para-o-digital-com-registo-gratuito","status":"publish","type":"post","link":"https:\/\/auxdefense.pt\/pt_PT\/2020\/05\/25\/auxdefense2020-conferencia-mundial-avanca-para-o-digital-com-registo-gratuito\/","title":{"rendered":"AuxDefense2020, confer\u00eancia mundial avan\u00e7a para o digital com registo gratuito"},"content":{"rendered":"<p class=\"lead\"><strong>A segunda edi\u00e7\u00e3o da AuxDefense, confer\u00eancia mundial em materiais avan\u00e7ados para a defesa, j\u00e1 tem data e inscri\u00e7\u00f5es abertas.<\/strong><\/p>\n<div class=\"pages-post-content__readmore-area active\">\n<p>De 6 a 8 de julho a Fibrenamics, com o apoio do Minist\u00e9rio da Defesa Nacional portugu\u00eas, ir\u00e1 reunir online alguns dos maiores investigadores internacionais a atuar no setor da defesa para apresentar o que de mais inovador est\u00e1 a ser desenvolvido nesta \u00e1rea.<\/p>\n<p>A investiga\u00e7\u00e3o e desenvolvimento (I&amp;D) de materiais avan\u00e7ados para o setor da defesa s\u00e3o conduzidos mundialmente pelas mais reconhecidas Universidades, Centros de Investiga\u00e7\u00e3o, Institui\u00e7\u00f5es Militares e empresas com o objetivo de aumentar a seguran\u00e7a e sobreviv\u00eancia de militares em diferentes teatros de opera\u00e7\u00f5es, al\u00e9m de cumprir requisitos de manuten\u00e7\u00e3o e operacionalidade dos equipamentos.<\/p>\n<p>Representantes de 28 pa\u00edses em 5 continentes est\u00e3o j\u00e1 entre os participantes confirmados na discuss\u00e3o sobre nano e microtecnologia, biotecnologia, tecnologia de sensores, materiais furtivos, materiais e estruturas inteligentes e gera\u00e7\u00e3o e armazenamento de energia.<\/p>\n<p>A AuxDefense2020 \u00e9\u00a0<a title=\"AuxDefense\" href=\"https:\/\/conference.auxdefense.pt\/\">100% online e de participa\u00e7\u00e3o gratuita<\/a>.<\/p>\n<\/div>\n","protected":false},"excerpt":{"rendered":"<p>A segunda edi\u00e7\u00e3o da AuxDefense, confer\u00eancia mundial em materiais avan\u00e7ados para a defesa, j\u00e1 tem data e inscri\u00e7\u00f5es abertas. De 6 a 8 de julho a Fibrenamics, com o apoio do Minist\u00e9rio da Defesa Nacional portugu\u00eas, ir\u00e1 reunir online alguns dos maiores investigadores internacionais a atuar no setor da defesa&#8230;<\/p>\n","protected":false},"author":5,"featured_media":3457,"comment_status":"open","ping_status":"open","sticky":false,"template":"","format":"standard","meta":{"footnotes":""},"categories":[1],"tags":[],"class_list":["post-3456","post","type-post","status-publish","format-standard","has-post-thumbnail","hentry","category-uncategorized"],"_links":{"self":[{"href":"https:\/\/auxdefense.pt\/pt_PT\/wp-json\/wp\/v2\/posts\/3456","targetHints":{"allow":["GET"]}}],"collection":[{"href":"https:\/\/auxdefense.pt\/pt_PT\/wp-json\/wp\/v2\/posts"}],"about":[{"href":"https:\/\/auxdefense.pt\/pt_PT\/wp-json\/wp\/v2\/types\/post"}],"author":[{"embeddable":true,"href":"https:\/\/auxdefense.pt\/pt_PT\/wp-json\/wp\/v2\/users\/5"}],"replies":[{"embeddable":true,"href":"https:\/\/auxdefense.pt\/pt_PT\/wp-json\/wp\/v2\/comments?post=3456"}],"version-history":[{"count":3,"href":"https:\/\/auxdefense.pt\/pt_PT\/wp-json\/wp\/v2\/posts\/3456\/revisions"}],"predecessor-version":[{"id":3460,"href":"https:\/\/auxdefense.pt\/pt_PT\/wp-json\/wp\/v2\/posts\/3456\/revisions\/3460"}],"wp:featuredmedia":[{"embeddable":true,"href":"https:\/\/auxdefense.pt\/pt_PT\/wp-json\/wp\/v2\/media\/3457"}],"wp:attachment":[{"href":"https:\/\/auxdefense.pt\/pt_PT\/wp-json\/wp\/v2\/media?parent=3456"}],"wp:term":[{"taxonomy":"category","embeddable":true,"href":"https:\/\/auxdefense.pt\/pt_PT\/wp-json\/wp\/v2\/categories?post=3456"},{"taxonomy":"post_tag","embeddable":true,"href":"https:\/\/auxdefense.pt\/pt_PT\/wp-json\/wp\/v2\/tags?post=3456"}],"curies":[{"name":"wp","href":"https:\/\/api.w.org\/{rel}","templated":true}]}}